{"id":26958,"date":"2026-08-12T18:41:21","date_gmt":"2026-08-12T16:41:21","guid":{"rendered":"https:\/\/tva-foundation.org\/?p=26958"},"modified":"2026-09-03T18:24:58","modified_gmt":"2026-09-03T16:24:58","slug":"animals-as-teachers-of-society","status":"publish","type":"post","link":"https:\/\/tva-foundation.org\/de\/blog\/animals-as-teachers-of-society\/","title":{"rendered":"Tiere als Lehrer der Gesellschaft"},"content":{"rendered":"<div data-elementor-type=\"wp-post\" data-elementor-id=\"26958\" class=\"elementor elementor-26958\" data-elementor-post-type=\"post\">\n\t\t\t\t<div class=\"elementor-element elementor-element-3273b09f e-flex e-con-boxed e-con e-parent\" data-id=\"3273b09f\" data-element_type=\"container\" data-e-type=\"container\">\n\t\t\t\t\t<div class=\"e-con-inner\">\n\t\t\t\t<div class=\"elementor-element elementor-element-78ef8dd6 elementor-widget elementor-widget-text-editor\" data-id=\"78ef8dd6\" data-element_type=\"widget\" data-e-type=\"widget\" data-widget_type=\"text-editor.default\">\n\t\t\t\t<div class=\"elementor-widget-container\">\n\t\t\t\t\t\t\t\t\t<h5>Wir feiern das Leben. Denn das Leben ist miteinander verbunden.<\/h5><p>Wenn wir \u00fcber Tiere sprechen, konzentrieren wir uns oft darauf, was sie f\u00fcr uns pers\u00f6nlich bedeuten: die Gesellschaft eines Hundes, die Anmut eines Pferdes, die Geborgenheit einer Katze oder das Staunen, das die Tierwelt in uns weckt.<\/p><p>Aber vielleicht haben wir die falsche Frage gestellt.<\/p><p>Anstatt zu fragen, was Tiere dem Einzelnen beibringen, sollten wir uns fragen, was Tiere der Gesellschaft beibringen.<\/p><p>Seit Jahrtausenden betrachtet die Menschheit Tiere als Symbole f\u00fcr St\u00e4rke, Weisheit, Mut, Treue und Ausdauer. Doch die Lehren, die wir von ihnen ziehen k\u00f6nnen, gehen weit \u00fcber den individuellen Charakter hinaus. Tiere offenbaren Prinzipien, die f\u00fcr den Aufbau gesunder Gemeinschaften und bl\u00fchender Gesellschaften von entscheidender Bedeutung sind.<\/p><p>Ein Wolfsrudel zeichnet sich durch Zusammenarbeit und gemeinsame Verantwortung aus.<\/p><p>Elefanten erinnern uns daran, wie wichtig Familie, Erinnerung und die F\u00fcrsorge f\u00fcr die Schwachen sind.<\/p><p>Bienen und Ameisen zeigen uns, dass Gemeinschaften gedeihen, wenn jedes Mitglied zu einem gemeinsamen Ziel beitr\u00e4gt.<\/p><p>V\u00f6gel, die \u00fcber Kontinente hinweg ziehen, sind ein Beispiel f\u00fcr Vertrauen, Koordination und gemeinsames Handeln.<\/p><p>Selbst gerettete Tiere vermitteln uns tiefgreifende Erkenntnisse \u00fcber Widerstandsf\u00e4higkeit, Heilung, Vergebung und zweite Chancen.<\/p><p>Dies sind nicht blo\u00df Beobachtungen \u00fcber die Natur. Sie spiegeln die Werte wider, die die menschliche Zivilisation tragen.<\/p><p>Heutzutage sehen sich viele Gesellschaften mit wachsenden Herausforderungen konfrontiert: soziale Isolation, Polarisierung, schwindendes Einf\u00fchlungsverm\u00f6gen und ein schw\u00e4cher werdendes Gemeinschaftsgef\u00fchl. Obwohl uns die Technologie digital miteinander verbindet, f\u00fchlen sich viele Menschen zunehmend voneinander, von der Natur und von sich selbst entfremdet.<\/p><p>Tiere bieten eine andere Sichtweise.<\/p><p>Sie erinnern uns daran, dass alles im Leben miteinander verbunden ist.<\/p><p>Sie zeigen, dass \u00dcberleben und Gedeihen selten individuelle Leistungen sind. Sie h\u00e4ngen von Beziehungen, Zusammenarbeit, F\u00fcrsorge und gegenseitiger Unterst\u00fctzung ab.<\/p><p>Dieses Verst\u00e4ndnis bildet den Kern der \u201eEsperanza for Life\u2122\u201c-Bewegung.<\/p><p>Wir sind davon \u00fcberzeugt, dass die Verbindung zwischen Tieren, Menschen und der Natur das Potenzial hat, Gemeinschaften zu st\u00e4rken, das Wohlbefinden zu steigern, Empathie zu wecken und eine Kultur des Mitgef\u00fchls zu f\u00f6rdern.<\/p><p>Aus diesem Grund geht unsere Vision \u00fcber das reine Tierschutz hinaus. Sie umfasst einen ganzheitlichen Ansatz, der Tierschutz, das Wohlergehen von Kindern, Bildung, Gesundheitsversorgung, Umweltschutz und gesellschaftliches Engagement miteinander verbindet.<\/p><p>Tiere sind nicht nur Empf\u00e4nger unseres Mitgef\u00fchls.<\/p><p>Sie geh\u00f6ren zu den besten Lehrern dieser Schule.<\/p><p>Indem wir von ihnen lernen, entdecken wir Werte wieder, die nicht nur f\u00fcr die pers\u00f6nliche Entwicklung, sondern auch f\u00fcr die Zukunft der Gesellschaft selbst von entscheidender Bedeutung sind.<\/p><p>Eine mitf\u00fchlendere Welt beginnt mit einer einfachen Erkenntnis:<\/p><p><strong>Wir feiern das Leben. Denn das Leben ist miteinander verbunden.<\/strong><\/p><p>Und wenn wir diesen Zusammenhang erkennen, beginnen wir zu verstehen, dass die F\u00fcrsorge f\u00fcr Tiere untrennbar mit der F\u00fcrsorge f\u00fcr die Menschheit verbunden ist.<\/p><p>Es ist Teil derselben Reise.<\/p><p>-<br \/>*Gef\u00e4llt Ihnen dieser Beitrag? Teilen Sie ihn mit jemandem, der heute eine Dosis Hoffnung braucht.*<\/p><p style=\"text-align: left;\">#Legacy #Stewardship #Hope #EsperanzaForLife #Love #Philanthropy #SocialGood #BusinessForGood #PrincessTheodora<\/p><p style=\"text-align: left;\">Vereinigen wir uns mit Taten!<\/p><p style=\"text-align: left;\">Vielen Dank, dass Sie sich die Zeit genommen haben, diesen Beitrag zu lesen.<\/p>\t\t\t\t\t\t\t\t<\/div>\n\t\t\t\t<\/div>\n\t\t\t\t\t<\/div>\n\t\t\t\t<\/div>\n\t\t\t\t<\/div>","protected":false},"excerpt":{"rendered":"<p>We Celebrate Life. Because Life Is Connected. When we speak about animals, we often focus on what they mean to us personally: the companionship of a dog, the grace of a horse, the comfort of a cat, or the wonder inspired by wildlife. But perhaps we have been asking the wrong question. Rather than asking [&hellip;]<\/p>\n","protected":false},"author":38320787,"featured_media":26960,"comment_status":"open","ping_status":"open","sticky":false,"template":"","format":"standard","meta":{"_jetpack_newsletter_access":"","_jetpack_dont_email_post_to_subs":false,"_jetpack_newsletter_tier_id":0,"_jetpack_memberships_contains_paywalled_content":false,"_wpcom_ai_launchpad_first_post":false,"_jetpack_feature_clip_id":0,"_jetpack_memberships_contains_paid_content":false,"footnotes":"","jetpack_publicize_message":"{title}\n\n{excerpt}\n\n{url}","jetpack_publicize_feature_enabled":true,"jetpack_social_post_already_shared":true,"jetpack_social_options":{"image_generator_settings":{"template":"highway","default_image_id":0,"font":"","enabled":false},"version":2},"_wpas_customize_per_network":false,"jetpack_post_was_ever_published":false},"categories":[1569,1375,1377],"tags":[1560,1527,1421,1559,1383,1561,1536,1538,1440,1565,1436,1420,1537,1442],"class_list":["post-26958","post","type-post","status-publish","format-standard","has-post-thumbnail","hentry","category-community","category-education","category-medicine","tag-celebration-of-life","tag-community","tag-compassion","tag-esperanza-for-life","tag-fundraising","tag-global-movement","tag-humanity","tag-inspiration","tag-joy","tag-legacy","tag-life","tag-love","tag-unity","tag-world"],"jetpack_publicize_connections":[],"jetpack_likes_enabled":true,"jetpack_sharing_enabled":true,"jetpack_shortlink":"https:\/\/wp.me\/pf58jH-70O","jetpack-related-posts":[],"jetpack_featured_media_url":"https:\/\/tva-foundation.org\/wp-content\/uploads\/2026\/08\/Screenshot-2026-08-12-at-10.08.39.jpeg","_links":{"self":[{"href":"https:\/\/tva-foundation.org\/de\/wp-json\/wp\/v2\/posts\/26958","targetHints":{"allow":["GET"]}}],"collection":[{"href":"https:\/\/tva-foundation.org\/de\/wp-json\/wp\/v2\/posts"}],"about":[{"href":"https:\/\/tva-foundation.org\/de\/wp-json\/wp\/v2\/types\/post"}],"author":[{"embeddable":true,"href":"https:\/\/tva-foundation.org\/de\/wp-json\/wp\/v2\/users\/38320787"}],"replies":[{"embeddable":true,"href":"https:\/\/tva-foundation.org\/de\/wp-json\/wp\/v2\/comments?post=26958"}],"version-history":[{"count":9,"href":"https:\/\/tva-foundation.org\/de\/wp-json\/wp\/v2\/posts\/26958\/revisions"}],"predecessor-version":[{"id":26971,"href":"https:\/\/tva-foundation.org\/de\/wp-json\/wp\/v2\/posts\/26958\/revisions\/26971"}],"wp:featuredmedia":[{"embeddable":true,"href":"https:\/\/tva-foundation.org\/de\/wp-json\/wp\/v2\/media\/26960"}],"wp:attachment":[{"href":"https:\/\/tva-foundation.org\/de\/wp-json\/wp\/v2\/media?parent=26958"}],"wp:term":[{"taxonomy":"category","embeddable":true,"href":"https:\/\/tva-foundation.org\/de\/wp-json\/wp\/v2\/categories?post=26958"},{"taxonomy":"post_tag","embeddable":true,"href":"https:\/\/tva-foundation.org\/de\/wp-json\/wp\/v2\/tags?post=26958"}],"curies":[{"name":"wp","href":"https:\/\/api.w.org\/{rel}","templated":true}]}}