{"id":5450,"date":"2023-12-11T13:29:57","date_gmt":"2023-12-11T12:29:57","guid":{"rendered":"https:\/\/tva-foundation.org\/?p=5450"},"modified":"2024-02-13T12:45:53","modified_gmt":"2024-02-13T11:45:53","slug":"environmental-issues-today","status":"publish","type":"post","link":"https:\/\/tva-foundation.org\/de\/blog\/environmental-issues-today\/","title":{"rendered":"Umweltthemen heute: Individuelle und kollektive Verantwortung"},"content":{"rendered":"<div data-elementor-type=\"wp-post\" data-elementor-id=\"5450\" class=\"elementor elementor-5450\" data-elementor-post-type=\"post\">\n\t\t\t\t\t\t<section class=\"elementor-section elementor-top-section elementor-element elementor-element-7f484272 elementor-section-boxed elementor-section-height-default elementor-section-height-default\" data-id=\"7f484272\" data-element_type=\"section\" data-e-type=\"section\">\n\t\t\t\t\t\t<div class=\"elementor-container elementor-column-gap-default\">\n\t\t\t\t\t<div class=\"elementor-column elementor-col-100 elementor-top-column elementor-element elementor-element-440faec2\" data-id=\"440faec2\" data-element_type=\"column\" data-e-type=\"column\">\n\t\t\t<div class=\"elementor-widget-wrap elementor-element-populated\">\n\t\t\t\t\t\t<div class=\"elementor-element elementor-element-317d87eb elementor-widget elementor-widget-heading\" data-id=\"317d87eb\" data-element_type=\"widget\" data-e-type=\"widget\" data-widget_type=\"heading.default\">\n\t\t\t\t<div class=\"elementor-widget-container\">\n\t\t\t\t\t<h5 class=\"elementor-heading-title elementor-size-default\">Umweltthemen heute: Individuelle und kollektive Verantwortung <\/h5>\t\t\t\t<\/div>\n\t\t\t\t<\/div>\n\t\t\t\t<div class=\"elementor-element elementor-element-b7cb989 elementor-widget elementor-widget-text-editor\" data-id=\"b7cb989\" data-element_type=\"widget\" data-e-type=\"widget\" data-widget_type=\"text-editor.default\">\n\t\t\t\t<div class=\"elementor-widget-container\">\n\t\t\t\t\t\t\t\t\t<p>Unser Planet befindet sich an einem kritischen Punkt und steht vor einer Vielzahl von Umweltproblemen, die sofortige Aufmerksamkeit und konzertierte Anstrengungen von Einzelpersonen, Gemeinschaften und Regierungen weltweit erfordern. Bei der Bew\u00e4ltigung der komplexen Herausforderungen des 21. Jahrhunderts ist es von entscheidender Bedeutung, die dr\u00e4ngenden Umweltprobleme unserer Zeit in den Mittelpunkt zu r\u00fccken.<\/p><p>\u00a0<\/p><h6>Der Klimawandel: Ein globaler Notfall<\/h6><p>Der Klimawandel ist eine existenzielle Bedrohung mit weitreichenden Folgen und steht an vorderster Front der Umweltprobleme. Steigende globale Temperaturen, extreme Wetterereignisse und St\u00f6rungen der \u00d6kosysteme unterstreichen die dringende Notwendigkeit aggressiver Ma\u00dfnahmen zur Verringerung der Kohlenstoffemissionen, zur Umstellung auf erneuerbare Energiequellen und zur F\u00f6rderung der Klimaresilienz.<\/p><p>\u00a0<\/p><h6>Verlust der biologischen Vielfalt: Die stille Krise<\/h6><p>Der Verlust der biologischen Vielfalt schreitet unaufhaltsam voran und hat verheerende Auswirkungen auf \u00d6kosysteme und Arten auf der ganzen Welt. Abholzung, Lebensraumzerst\u00f6rung und Umweltverschmutzung tragen zum R\u00fcckgang der Pflanzen- und Tierpopulationen bei. Der Schutz der biologischen Vielfalt ist nicht nur ein \u00f6kologisches Gebot, sondern auch f\u00fcr das \u00dcberleben der Menschheit unerl\u00e4sslich, da die biologische Vielfalt wichtige \u00d6kosystemleistungen unterst\u00fctzt.<\/p><p>\u00a0<\/p><h6>Plastikverschmutzung: Ein Meer von Sorgen<\/h6><p>Unsere Ozeane, in denen es einst von Leben wimmelte, ertrinken heute in der Plastikverschmutzung. Einwegplastik, das verantwortungslos weggeworfen wird, stellt eine ernsthafte Bedrohung f\u00fcr das Leben im Meer, die \u00d6kosysteme und die menschliche Gesundheit dar. Um die Verschmutzung durch Plastik in den Griff zu bekommen, bedarf es konzertierter Anstrengungen zur Reduzierung des Plastikverbrauchs, zur Verbesserung der Abfallentsorgung und zur Entwicklung nachhaltiger Alternativen.<\/p><p>\u00a0<\/p><h6>Wasserknappheit: Eine kostbare Ressource in Gefahr<\/h6><p>Wasserknappheit wird zu einer entscheidenden Herausforderung, die durch den Klimawandel, die Verschmutzung und die \u00fcberm\u00e4\u00dfige Wasserentnahme noch versch\u00e4rft wird. Der Zugang zu sauberem und sicherem Wasser ist ein grundlegendes Menschenrecht, doch Milliarden von Menschen sind mit Wasserstress konfrontiert. Nachhaltige Wassermanagementpraktiken, Bem\u00fchungen um den Schutz des Wassers und das Engagement der Gemeinschaft sind von entscheidender Bedeutung, um diese Krise zu entsch\u00e4rfen.<\/p><p>\u00a0<\/p><h6>Luftverschmutzung: Atmen in Gefahr<\/h6><p>Die Luftverschmutzung, die durch Industrie, Verkehr und die Verbrennung fossiler Brennstoffe verursacht wird, stellt weltweit ein ernsthaftes Gesundheitsrisiko f\u00fcr die Bev\u00f6lkerung dar. Atemwegserkrankungen, Herz-Kreislauf-Probleme und eine schlechte Luftqualit\u00e4t betreffen Millionen von Menschen. Die Umstellung auf sauberere Technologien, das Eintreten f\u00fcr strenge Luftqualit\u00e4tsnormen und die F\u00f6rderung eines nachhaltigen Verkehrswesens sind wichtige Komponenten im Kampf gegen die Luftverschmutzung.<\/p><p>\u00a0<\/p><h6>Bodenverschlechterung: Eine Bedrohung f\u00fcr die Ern\u00e4hrungssicherheit<\/h6><p>Die Verschlechterung der Bodenqualit\u00e4t, die durch nicht nachhaltige landwirtschaftliche Praktiken, Entwaldung und Verst\u00e4dterung verursacht wird, gef\u00e4hrdet die Ern\u00e4hrungssicherheit und versch\u00e4rft die Anf\u00e4lligkeit von Gemeinschaften. Die Umsetzung nachhaltiger Landbewirtschaftungspraktiken, Aufforstungsma\u00dfnahmen und die F\u00f6rderung einer regenerativen Landwirtschaft sind f\u00fcr die Wiederherstellung degradierter Fl\u00e4chen unerl\u00e4sslich.<\/p><p>\u00a0<\/p><h6>Ein Aufruf zum Handeln: Individuelle und kollektive Verantwortung<\/h6><p>Die Umweltprobleme, mit denen wir heute konfrontiert sind, erfordern eine kollektive Antwort. Jeder Einzelne kann durch einen nachhaltigen Lebensstil, verantwortungsvollen Konsum und Lobbyarbeit etwas bewirken. Regierungen und Unternehmen spielen eine zentrale Rolle bei der Umsetzung und Durchsetzung von Ma\u00dfnahmen, die der Erhaltung der Umwelt und der nachhaltigen Entwicklung Vorrang einr\u00e4umen.<\/p><p>Abschlie\u00dfend l\u00e4sst sich sagen, dass die Dringlichkeit, sich heute mit Umweltfragen zu befassen, gar nicht hoch genug eingesch\u00e4tzt werden kann. Es ist ein Aufruf zum Handeln an jeden Einzelnen, sich als Verwalter des Planeten zu bet\u00e4tigen, an Gemeinschaften, sich gemeinsam um Nachhaltigkeit zu bem\u00fchen, und an Regierungen, politische Ma\u00dfnahmen zu ergreifen, die die Gesundheit unserer Umwelt in den Vordergrund stellen. Gemeinsam k\u00f6nnen wir den Weg zu einer nachhaltigeren und widerstandsf\u00e4higeren Zukunft f\u00fcr kommende Generationen ebnen.<\/p><p>Schlie\u00dfen Sie sich der Bewegung an. Werden Sie aktiv. Die Zeit, unseren Planeten zu sch\u00fctzen, ist jetzt.<\/p>\t\t\t\t\t\t\t\t<\/div>\n\t\t\t\t<\/div>\n\t\t\t\t<div class=\"elementor-element elementor-element-6b0ea860 elementor-widget elementor-widget-helpo_blockquote\" data-id=\"6b0ea860\" data-element_type=\"widget\" data-e-type=\"widget\" data-widget_type=\"helpo_blockquote.default\">\n\t\t\t\t<div class=\"elementor-widget-container\">\n\t\t\t\t\t\n        <div class=\"helpo_blockquote_widget\">\n            <div class=\"helpo_blockquote helpo_view_type_2\">\n                ~ Die Umweltprobleme, mit denen wir heute konfrontiert sind, erfordern eine kollektive Antwort. ~            <\/div>\n        <\/div>\n        \t\t\t\t<\/div>\n\t\t\t\t<\/div>\n\t\t\t\t<div class=\"elementor-element elementor-element-36a28783 elementor-widget elementor-widget-text-editor\" data-id=\"36a28783\" data-element_type=\"widget\" data-e-type=\"widget\" data-widget_type=\"text-editor.default\">\n\t\t\t\t<div class=\"elementor-widget-container\">\n\t\t\t\t\t\t\t\t\t<p>Vielen Dank, dass Sie sich die Zeit genommen haben, diesen Beitrag zu lesen.<\/p>\t\t\t\t\t\t\t\t<\/div>\n\t\t\t\t<\/div>\n\t\t\t\t\t<\/div>\n\t\t<\/div>\n\t\t\t\t\t<\/div>\n\t\t<\/section>\n\t\t\t\t<\/div>","protected":false},"excerpt":{"rendered":"<p>Die Umweltprobleme, mit denen wir heute konfrontiert sind, erfordern eine gemeinsame Antwort.<\/p>","protected":false},"author":38320787,"featured_media":5594,"comment_status":"open","ping_status":"open","sticky":false,"template":"","format":"standard","meta":{"_jetpack_newsletter_access":"","_jetpack_dont_email_post_to_subs":false,"_jetpack_newsletter_tier_id":0,"_jetpack_memberships_contains_paywalled_content":false,"_jetpack_memberships_contains_paid_content":false,"footnotes":"","jetpack_publicize_message":"","jetpack_publicize_feature_enabled":true,"jetpack_social_post_already_shared":true,"jetpack_social_options":{"image_generator_settings":{"template":"highway","default_image_id":0,"font":"","enabled":false},"version":2},"_wpas_customize_per_network":false,"jetpack_post_was_ever_published":false},"categories":[1431],"tags":[1381,1433,1382,1439,1385,1432,1386,1442],"class_list":["post-5450","post","type-post","status-publish","format-standard","has-post-thumbnail","hentry","category-environment","tag-donate","tag-environment","tag-freedom","tag-health","tag-homelesspeople","tag-nature","tag-poor","tag-world"],"jetpack_publicize_connections":[],"jetpack_featured_media_url":"https:\/\/tva-foundation.org\/wp-content\/uploads\/2024\/01\/58381374_10157004008666006_583305023207768064_n.jpg","jetpack_likes_enabled":true,"jetpack_sharing_enabled":true,"jetpack_shortlink":"https:\/\/wp.me\/pf58jH-1pU","jetpack-related-posts":[],"_links":{"self":[{"href":"https:\/\/tva-foundation.org\/de\/wp-json\/wp\/v2\/posts\/5450","targetHints":{"allow":["GET"]}}],"collection":[{"href":"https:\/\/tva-foundation.org\/de\/wp-json\/wp\/v2\/posts"}],"about":[{"href":"https:\/\/tva-foundation.org\/de\/wp-json\/wp\/v2\/types\/post"}],"author":[{"embeddable":true,"href":"https:\/\/tva-foundation.org\/de\/wp-json\/wp\/v2\/users\/38320787"}],"replies":[{"embeddable":true,"href":"https:\/\/tva-foundation.org\/de\/wp-json\/wp\/v2\/comments?post=5450"}],"version-history":[{"count":28,"href":"https:\/\/tva-foundation.org\/de\/wp-json\/wp\/v2\/posts\/5450\/revisions"}],"predecessor-version":[{"id":7682,"href":"https:\/\/tva-foundation.org\/de\/wp-json\/wp\/v2\/posts\/5450\/revisions\/7682"}],"wp:featuredmedia":[{"embeddable":true,"href":"https:\/\/tva-foundation.org\/de\/wp-json\/wp\/v2\/media\/5594"}],"wp:attachment":[{"href":"https:\/\/tva-foundation.org\/de\/wp-json\/wp\/v2\/media?parent=5450"}],"wp:term":[{"taxonomy":"category","embeddable":true,"href":"https:\/\/tva-foundation.org\/de\/wp-json\/wp\/v2\/categories?post=5450"},{"taxonomy":"post_tag","embeddable":true,"href":"https:\/\/tva-foundation.org\/de\/wp-json\/wp\/v2\/tags?post=5450"}],"curies":[{"name":"wp","href":"https:\/\/api.w.org\/{rel}","templated":true}]}}