{"id":22279,"date":"2026-01-06T11:02:43","date_gmt":"2026-01-06T10:02:43","guid":{"rendered":"https:\/\/tva-foundation.org\/?p=22279"},"modified":"2026-01-19T12:37:45","modified_gmt":"2026-01-19T11:37:45","slug":"for-the-generations-we-may-never-meet","status":"publish","type":"post","link":"https:\/\/tva-foundation.org\/es\/blog\/for-the-generations-we-may-never-meet\/","title":{"rendered":"Para las generaciones que quiz\u00e1 nunca conozcamos"},"content":{"rendered":"<div data-elementor-type=\"wp-post\" data-elementor-id=\"22279\" class=\"elementor elementor-22279\" data-elementor-post-type=\"post\">\n\t\t\t\t<div class=\"elementor-element elementor-element-4bee37cb e-flex e-con-boxed e-con e-parent\" data-id=\"4bee37cb\" data-element_type=\"container\" data-e-type=\"container\">\n\t\t\t\t\t<div class=\"e-con-inner\">\n\t\t\t\t<div class=\"elementor-element elementor-element-20502ea3 elementor-widget elementor-widget-text-editor\" data-id=\"20502ea3\" data-element_type=\"widget\" data-e-type=\"widget\" data-widget_type=\"text-editor.default\">\n\t\t\t\t<div class=\"elementor-widget-container\">\n\t\t\t\t\t\t\t\t\t<p data-start=\"325\" data-end=\"543\">Esta reflexi\u00f3n se ofrece como una invitaci\u00f3n a hacer una pausa y considerar el significado m\u00e1s profundo del legado, no como algo que reclamamos, sino como algo que construimos conscientemente a trav\u00e9s de nuestras elecciones, asociaciones y responsabilidades.<\/p><p data-start=\"545\" data-end=\"712\">En la Fundaci\u00f3n TvA International creemos que actuar hoy con previsi\u00f3n y compasi\u00f3n es el mayor regalo que podemos ofrecer a las generaciones que quiz\u00e1 nunca conozcamos.<\/p><h3>Para las generaciones que quiz\u00e1 nunca conozcamos<\/h3><p>A menudo se habla del legado en t\u00e9rminos de herencia: lo que dejamos atr\u00e1s en forma material. Sin embargo, los legados m\u00e1s significativos rara vez son tangibles. Viven en los valores transmitidos, los sistemas mejorados, las vidas protegidas y las posibilidades creadas para quienes nunca conoceremos personalmente.<\/p><p>Actuar en favor de las generaciones que tal vez nunca conozcamos exige un tipo de visi\u00f3n particular: una que mire m\u00e1s all\u00e1 de la recompensa inmediata, m\u00e1s all\u00e1 del reconocimiento y m\u00e1s all\u00e1 de nuestra propia vida.<\/p><h6>El legado es una responsabilidad, no un t\u00edtulo<\/h6><p>El verdadero legado no consiste en estatus, nombres o monumentos. Se trata de responsabilidad.<\/p><p>Se trata de plantear preguntas dif\u00edciles y con visi\u00f3n de futuro:<\/p><ul><li><p>\u00bfQu\u00e9 tipo de mundo estamos formando hoy con nuestras elecciones?<\/p><\/li><li><p>\u00bfQu\u00e9 voces amplificamos y cu\u00e1les ignoramos?<\/p><\/li><li><p>\u00bfActuamos como cuidadores o como meros consumidores del presente?<\/p><\/li><\/ul><p>Cada generaci\u00f3n hereda las consecuencias de los actos de la anterior. En ese sentido, el legado no es opcional. Ya se est\u00e1 creando -consciente o inconscientemente- con cada decisi\u00f3n que tomamos.<\/p><h6>La administraci\u00f3n en un mundo interconectado<\/h6><p>Vivimos en un mundo profundamente interconectado, en el que las medidas adoptadas en un lugar traspasan fronteras, ecosistemas y sociedades. Los ni\u00f1os que nazcan dentro de unas d\u00e9cadas vivir\u00e1n con los resultados de las pol\u00edticas medioambientales, las prioridades sociales y las normas \u00e9ticas actuales.<\/p><p>Corresponsabilidad significa reconocer que somos guardianes temporales -no propietarios- del mundo que habitamos.<\/p><p>Nos pide que protejamos lo que no puede hablar por s\u00ed mismo: la naturaleza, los animales y los m\u00e1s vulnerables de entre nosotros. Nos reta a pensar en d\u00e9cadas y no en trimestres, en el impacto humano y no en m\u00e9tricas a corto plazo.<\/p><h6>La filantrop\u00eda como acto de previsi\u00f3n<\/h6><p>En el mejor de los casos, la filantrop\u00eda no es reactiva. Es visionaria.<\/p><p>Es la decisi\u00f3n de invertir en prevenci\u00f3n m\u00e1s que en reparaci\u00f3n, en dignidad m\u00e1s que en dependencia, en sistemas que perduren m\u00e1s que en gestos que se desvanezcan.<\/p><p>En el\u00a0<strong>Fundaci\u00f3n Internacional Theodora von Auersperg (TvA)<\/strong>, la filantrop\u00eda se entiende como un compromiso a largo plazo con la vida misma: humana, animal y natural. Nuestro trabajo se gu\u00eda por la creencia de que el cambio significativo se produce cuando la compasi\u00f3n se combina con la estrategia, y cuando la generosidad se gu\u00eda por la responsabilidad.<\/p><h6>Esperanza de Vida - Construir lo que perdura<\/h6><p><strong>Esperanza for Life - Celebraci\u00f3n de la vida<\/strong>\u00a0es tanto una filosof\u00eda como una plataforma.<\/p><p>Re\u00fane los mundos del arte, la filantrop\u00eda y la responsabilidad social para crear iniciativas que inspiren, unan y perduren. Ya sea a trav\u00e9s de la expresi\u00f3n cultural, de alianzas intersectoriales o de proyectos tangibles sobre el terreno, Esperanza de Vida est\u00e1 dise\u00f1ada para perdurar m\u00e1s all\u00e1 de cualquier evento aislado.<\/p><p>Porque el legado no se crea solo.<\/p><p>Se construye mediante asociaciones con quienes comparten una visi\u00f3n a largo plazo: instituciones, personas y organizaciones dispuestas a invertir no s\u00f3lo recursos, sino confianza, tiempo y fe.<\/p><h6>Una invitaci\u00f3n a la cooperaci\u00f3n consciente<\/h6><p>Apoyar un trabajo basado en el legado es participar en algo m\u00e1s grande que uno mismo.<\/p><p>Es una invitaci\u00f3n a defender a los ni\u00f1os cuyo futuro a\u00fan no est\u00e1 escrito.<br \/>Es un compromiso con los animales y los ecosistemas que dependen totalmente de la gesti\u00f3n humana.<br \/>Es una elecci\u00f3n para alinear el \u00e9xito con la responsabilidad.<\/p><p>Creemos que las asociaciones arraigadas en valores compartidos crean el impacto m\u00e1s duradero: asociaciones que entienden que el mayor retorno de la inversi\u00f3n es un mundo m\u00e1s humano, m\u00e1s equilibrado y m\u00e1s esperanzador.<\/p><h6>Para los que vendr\u00e1n despu\u00e9s<\/h6><p>Alg\u00fan d\u00eda, las generaciones futuras mirar\u00e1n atr\u00e1s, no a lo que dijimos, sino a lo que construimos.<\/p><p>Heredar\u00e1n el clima que hemos creado, los sistemas que hemos dise\u00f1ado y los valores que hemos normalizado. Vivir\u00e1n con los resultados de nuestra valent\u00eda, o de nuestra vacilaci\u00f3n.<\/p><p>Actuar por las generaciones que quiz\u00e1 nunca conozcamos es elegir la previsi\u00f3n frente a la comodidad, la responsabilidad frente a la conveniencia y la esperanza frente a la indiferencia.<\/p><p>Es una decisi\u00f3n silenciosa pero poderosa.<\/p><p>Una que define el legado.<\/p><p><strong>Fundaci\u00f3n TvA International - Esperanza for Life - Una Celebraci\u00f3n de la Vida<\/strong><\/p><p>Por las generaciones que quiz\u00e1 nunca conozcamos.<\/p><p>-<br \/>*\u00bfTe gusta este post? Comp\u00e1rtelo con alguien que necesite hoy una dosis de esperanza.*<\/p><p>#Legacy #Stewardship #EsperanzaForLife #Philanthropy #SocialGood #BusinessForGood #PrincessTheodora<\/p><p>\u00a1Un\u00e1monos con acciones!<\/p><p>Gracias por tomarse el tiempo de leer este post.<\/p>\t\t\t\t\t\t\t\t<\/div>\n\t\t\t\t<\/div>\n\t\t\t\t\t<\/div>\n\t\t\t\t<\/div>\n\t\t\t\t<\/div>","protected":false},"excerpt":{"rendered":"<p>This reflection is offered as an invitation to pause and consider the deeper meaning of legacy \u2014 not as something we claim, but as something we consciously build through our choices, partnerships, and responsibilities. At the TvA International Foundation, we believe that acting with foresight and compassion today is the greatest gift we can offer [&hellip;]<\/p>\n","protected":false},"author":38320787,"featured_media":22280,"comment_status":"open","ping_status":"open","sticky":false,"template":"","format":"standard","meta":{"_jetpack_newsletter_access":"","_jetpack_dont_email_post_to_subs":false,"_jetpack_newsletter_tier_id":0,"_jetpack_memberships_contains_paywalled_content":false,"_jetpack_memberships_contains_paid_content":false,"footnotes":"","jetpack_publicize_message":"","jetpack_publicize_feature_enabled":true,"jetpack_social_post_already_shared":true,"jetpack_social_options":{"image_generator_settings":{"template":"highway","default_image_id":0,"font":"","enabled":false},"version":2},"_wpas_customize_per_network":false,"jetpack_post_was_ever_published":false},"categories":[1534,1539,1535],"tags":[1560,1527,1421,1559,1383,1561,1536,1538,1440,1565,1436,1420,1537,1442],"class_list":["post-22279","post","type-post","status-publish","format-standard","has-post-thumbnail","hentry","category-humanity","category-philosophy","category-world","tag-celebration-of-life","tag-community","tag-compassion","tag-esperanza-for-life","tag-fundraising","tag-global-movement","tag-humanity","tag-inspiration","tag-joy","tag-legacy","tag-life","tag-love","tag-unity","tag-world"],"jetpack_publicize_connections":[],"jetpack_featured_media_url":"https:\/\/tva-foundation.org\/wp-content\/uploads\/2026\/01\/B2440363.jpeg","jetpack_likes_enabled":true,"jetpack_sharing_enabled":true,"jetpack_shortlink":"https:\/\/wp.me\/pf58jH-5Nl","jetpack-related-posts":[],"_links":{"self":[{"href":"https:\/\/tva-foundation.org\/es\/wp-json\/wp\/v2\/posts\/22279","targetHints":{"allow":["GET"]}}],"collection":[{"href":"https:\/\/tva-foundation.org\/es\/wp-json\/wp\/v2\/posts"}],"about":[{"href":"https:\/\/tva-foundation.org\/es\/wp-json\/wp\/v2\/types\/post"}],"author":[{"embeddable":true,"href":"https:\/\/tva-foundation.org\/es\/wp-json\/wp\/v2\/users\/38320787"}],"replies":[{"embeddable":true,"href":"https:\/\/tva-foundation.org\/es\/wp-json\/wp\/v2\/comments?post=22279"}],"version-history":[{"count":13,"href":"https:\/\/tva-foundation.org\/es\/wp-json\/wp\/v2\/posts\/22279\/revisions"}],"predecessor-version":[{"id":22298,"href":"https:\/\/tva-foundation.org\/es\/wp-json\/wp\/v2\/posts\/22279\/revisions\/22298"}],"wp:featuredmedia":[{"embeddable":true,"href":"https:\/\/tva-foundation.org\/es\/wp-json\/wp\/v2\/media\/22280"}],"wp:attachment":[{"href":"https:\/\/tva-foundation.org\/es\/wp-json\/wp\/v2\/media?parent=22279"}],"wp:term":[{"taxonomy":"category","embeddable":true,"href":"https:\/\/tva-foundation.org\/es\/wp-json\/wp\/v2\/categories?post=22279"},{"taxonomy":"post_tag","embeddable":true,"href":"https:\/\/tva-foundation.org\/es\/wp-json\/wp\/v2\/tags?post=22279"}],"curies":[{"name":"wp","href":"https:\/\/api.w.org\/{rel}","templated":true}]}}