{"id":23047,"date":"2026-02-22T11:11:04","date_gmt":"2026-02-22T10:11:04","guid":{"rendered":"https:\/\/tva-foundation.org\/?p=23047"},"modified":"2026-02-22T13:07:50","modified_gmt":"2026-02-22T12:07:50","slug":"the-quiet-responsibility-of-being-human","status":"publish","type":"post","link":"https:\/\/tva-foundation.org\/es\/blog\/the-quiet-responsibility-of-being-human\/","title":{"rendered":"La silenciosa responsabilidad de ser humano"},"content":{"rendered":"<div data-elementor-type=\"wp-post\" data-elementor-id=\"23047\" class=\"elementor elementor-23047\" data-elementor-post-type=\"post\">\n\t\t\t\t<div class=\"elementor-element elementor-element-3369e061 e-flex e-con-boxed e-con e-parent\" data-id=\"3369e061\" data-element_type=\"container\" data-e-type=\"container\">\n\t\t\t\t\t<div class=\"e-con-inner\">\n\t\t\t\t<div class=\"elementor-element elementor-element-51c43bb2 elementor-widget elementor-widget-text-editor\" data-id=\"51c43bb2\" data-element_type=\"widget\" data-e-type=\"widget\" data-widget_type=\"text-editor.default\">\n\t\t\t\t<div class=\"elementor-widget-container\">\n\t\t\t\t\t\t\t\t\t<p style=\"text-align: left;\">Llega un momento en la vida en que la ambici\u00f3n se acalla.<\/p><p style=\"text-align: left;\">No porque desaparezca -<\/p><p style=\"text-align: left;\">sino porque madura.<\/p><p style=\"text-align: left;\">En la juventud nos preguntamos: \u00bfqu\u00e9 puedo conseguir?<\/p><p style=\"text-align: left;\">M\u00e1s adelante, nos preguntamos: \u00bfQu\u00e9 es lo que realmente importa?<\/p><p style=\"text-align: left;\">Y al final, si somos sinceros, llegamos a la pregunta m\u00e1s profunda:<\/p><p style=\"text-align: left;\">\u00bfCu\u00e1l es mi responsabilidad por el mero hecho de ser humano?<\/p><p style=\"text-align: left;\">Vivimos en una \u00e9poca que celebra la visibilidad, la velocidad y el \u00e9xito mensurable.<\/p><p style=\"text-align: left;\">Pero las contribuciones humanas m\u00e1s importantes rara vez son tendencia. Perduran.<\/p><p style=\"text-align: left;\">No vinimos a este mundo para adue\u00f1arnos de \u00e9l.<\/p><p style=\"text-align: left;\">Llegamos como custodios temporales.<\/p><p style=\"text-align: left;\">Cada generaci\u00f3n hereda una fr\u00e1gil herencia:<\/p><ul style=\"text-align: left;\"><li>Un planeta ya marcado por elecciones anteriores.<\/li><li>Sistemas sociales moldeados por el valor y los errores del pasado.<\/li><li>Una dignidad humana que hay que proteger una y otra vez.<\/li><\/ul><p style=\"text-align: left;\">Nuestro objetivo com\u00fan no son carreras id\u00e9nticas ni logros id\u00e9nticos.<\/p><p style=\"text-align: left;\">Es algo mucho m\u00e1s universal:<\/p><p style=\"text-align: left;\">Reducir el sufrimiento all\u00ed donde lo encontremos.<\/p><p style=\"text-align: left;\">Ampliar el entendimiento all\u00ed donde hay divisi\u00f3n.<\/p><p style=\"text-align: left;\">Proteger la vida all\u00ed donde es vulnerable.<\/p><p style=\"text-align: left;\">Dejar atr\u00e1s estructuras que eleven, no que disminuyan.<\/p><p style=\"text-align: left;\">En una era cada vez m\u00e1s definida por la inteligencia artificial, la automatizaci\u00f3n y la eficiencia, debemos preguntarnos:<\/p><p style=\"text-align: left;\">\u00bfQu\u00e9 sigue siendo claramente humano?<\/p><p style=\"text-align: left;\">Compasi\u00f3n.<\/p><p style=\"text-align: left;\">La conciencia.<\/p><p style=\"text-align: left;\">Coraje moral.<\/p><p style=\"text-align: left;\">La capacidad de elegir la asistencia antes que la comodidad.<\/p><p style=\"text-align: left;\">El prop\u00f3sito no es ruidoso.<\/p><p style=\"text-align: left;\">No requiere aplausos.<\/p><p style=\"text-align: left;\">Requiere administraci\u00f3n.<\/p><p style=\"text-align: left;\">Quiz\u00e1 la definici\u00f3n m\u00e1s sencilla de nuestra misi\u00f3n com\u00fan sea \u00e9sta:<\/p><p style=\"text-align: left;\">Deja el mundo m\u00e1s humano de lo que lo encontraste.<\/p><p style=\"text-align: left;\">No es perfecto.<\/p><p style=\"text-align: left;\">No est\u00e1 resuelto.<\/p><p style=\"text-align: left;\">Pero m\u00e1s amable.<\/p><p style=\"text-align: left;\">Y tal vez sea aqu\u00ed donde comienza verdaderamente la esperanza.<\/p><p style=\"text-align: left;\">No como una gran declaraci\u00f3n.<\/p><p style=\"text-align: left;\">No como eslogan.<\/p><p style=\"text-align: left;\">Pero como una elecci\u00f3n diaria -<\/p><p style=\"text-align: left;\">para elevar la vida,<\/p><p style=\"text-align: left;\">para proteger la dignidad,<\/p><p style=\"text-align: left;\">actuar con conciencia.<\/p><p style=\"text-align: left;\">Cuando elegimos la administraci\u00f3n por encima del inter\u00e9s propio,<\/p><p style=\"text-align: left;\">hacemos algo m\u00e1s que cumplir una misi\u00f3n.<\/p><p style=\"text-align: left;\">Participamos en una celebraci\u00f3n silenciosa de la vida misma.<\/p><p style=\"text-align: left;\">Y en esa tranquila celebraci\u00f3n,<\/p><p style=\"text-align: left;\">un mundo m\u00e1s humano no se convierte en una ambici\u00f3n -<\/p><p style=\"text-align: left;\">sino una responsabilidad que vivimos.<\/p><p style=\"text-align: left;\">-<br \/>*\u00bfTe gusta este post? Comp\u00e1rtelo con alguien que necesite hoy una dosis de esperanza.*<\/p><p style=\"text-align: left;\">#Legacy #Stewardship #Hope #EsperanzaForLife #Love #Philanthropy #SocialGood #BusinessForGood #PrincessTheodora<\/p><p style=\"text-align: left;\">\u00a1Un\u00e1monos con acciones!<\/p><p style=\"text-align: left;\">Gracias por tomarse el tiempo de leer este post.<\/p>\t\t\t\t\t\t\t\t<\/div>\n\t\t\t\t<\/div>\n\t\t\t\t\t<\/div>\n\t\t\t\t<\/div>\n\t\t\t\t<\/div>","protected":false},"excerpt":{"rendered":"<p>There comes a moment in life when ambition grows quiet. Not because it disappears \u2014 but because it matures. In youth, we ask: What can I achieve? Later, we ask: What truly matters? And eventually, if we are honest, we arrive at the deeper question: What is my responsibility simply by being human? We live [&hellip;]<\/p>\n","protected":false},"author":38320787,"featured_media":23048,"comment_status":"open","ping_status":"open","sticky":false,"template":"","format":"standard","meta":{"_jetpack_newsletter_access":"","_jetpack_dont_email_post_to_subs":false,"_jetpack_newsletter_tier_id":0,"_jetpack_memberships_contains_paywalled_content":false,"_jetpack_memberships_contains_paid_content":false,"footnotes":"","jetpack_publicize_message":"","jetpack_publicize_feature_enabled":true,"jetpack_social_post_already_shared":true,"jetpack_social_options":{"image_generator_settings":{"template":"highway","default_image_id":0,"font":"","enabled":false},"version":2},"_wpas_customize_per_network":false,"jetpack_post_was_ever_published":false},"categories":[1534,1539,1535],"tags":[1560,1527,1421,1559,1383,1561,1536,1538,1440,1565,1436,1420,1537,1442],"class_list":["post-23047","post","type-post","status-publish","format-standard","has-post-thumbnail","hentry","category-humanity","category-philosophy","category-world","tag-celebration-of-life","tag-community","tag-compassion","tag-esperanza-for-life","tag-fundraising","tag-global-movement","tag-humanity","tag-inspiration","tag-joy","tag-legacy","tag-life","tag-love","tag-unity","tag-world"],"jetpack_publicize_connections":[],"jetpack_featured_media_url":"https:\/\/tva-foundation.org\/wp-content\/uploads\/2026\/02\/B2440353.jpeg","jetpack_likes_enabled":true,"jetpack_sharing_enabled":true,"jetpack_shortlink":"https:\/\/wp.me\/pf58jH-5ZJ","jetpack-related-posts":[],"_links":{"self":[{"href":"https:\/\/tva-foundation.org\/es\/wp-json\/wp\/v2\/posts\/23047","targetHints":{"allow":["GET"]}}],"collection":[{"href":"https:\/\/tva-foundation.org\/es\/wp-json\/wp\/v2\/posts"}],"about":[{"href":"https:\/\/tva-foundation.org\/es\/wp-json\/wp\/v2\/types\/post"}],"author":[{"embeddable":true,"href":"https:\/\/tva-foundation.org\/es\/wp-json\/wp\/v2\/users\/38320787"}],"replies":[{"embeddable":true,"href":"https:\/\/tva-foundation.org\/es\/wp-json\/wp\/v2\/comments?post=23047"}],"version-history":[{"count":8,"href":"https:\/\/tva-foundation.org\/es\/wp-json\/wp\/v2\/posts\/23047\/revisions"}],"predecessor-version":[{"id":23060,"href":"https:\/\/tva-foundation.org\/es\/wp-json\/wp\/v2\/posts\/23047\/revisions\/23060"}],"wp:featuredmedia":[{"embeddable":true,"href":"https:\/\/tva-foundation.org\/es\/wp-json\/wp\/v2\/media\/23048"}],"wp:attachment":[{"href":"https:\/\/tva-foundation.org\/es\/wp-json\/wp\/v2\/media?parent=23047"}],"wp:term":[{"taxonomy":"category","embeddable":true,"href":"https:\/\/tva-foundation.org\/es\/wp-json\/wp\/v2\/categories?post=23047"},{"taxonomy":"post_tag","embeddable":true,"href":"https:\/\/tva-foundation.org\/es\/wp-json\/wp\/v2\/tags?post=23047"}],"curies":[{"name":"wp","href":"https:\/\/api.w.org\/{rel}","templated":true}]}}