{"id":5450,"date":"2023-12-11T13:29:57","date_gmt":"2023-12-11T12:29:57","guid":{"rendered":"https:\/\/tva-foundation.org\/?p=5450"},"modified":"2024-02-13T12:45:53","modified_gmt":"2024-02-13T11:45:53","slug":"environmental-issues-today","status":"publish","type":"post","link":"https:\/\/tva-foundation.org\/es\/blog\/environmental-issues-today\/","title":{"rendered":"Cuestiones medioambientales hoy: Responsabilidad individual y colectiva"},"content":{"rendered":"<div data-elementor-type=\"wp-post\" data-elementor-id=\"5450\" class=\"elementor elementor-5450\" data-elementor-post-type=\"post\">\n\t\t\t\t\t\t<section class=\"elementor-section elementor-top-section elementor-element elementor-element-7f484272 elementor-section-boxed elementor-section-height-default elementor-section-height-default\" data-id=\"7f484272\" data-element_type=\"section\" data-e-type=\"section\">\n\t\t\t\t\t\t<div class=\"elementor-container elementor-column-gap-default\">\n\t\t\t\t\t<div class=\"elementor-column elementor-col-100 elementor-top-column elementor-element elementor-element-440faec2\" data-id=\"440faec2\" data-element_type=\"column\" data-e-type=\"column\">\n\t\t\t<div class=\"elementor-widget-wrap elementor-element-populated\">\n\t\t\t\t\t\t<div class=\"elementor-element elementor-element-317d87eb elementor-widget elementor-widget-heading\" data-id=\"317d87eb\" data-element_type=\"widget\" data-e-type=\"widget\" data-widget_type=\"heading.default\">\n\t\t\t\t<div class=\"elementor-widget-container\">\n\t\t\t\t\t<h5 class=\"elementor-heading-title elementor-size-default\">Cuestiones medioambientales hoy: Responsabilidad individual y colectiva <\/h5>\t\t\t\t<\/div>\n\t\t\t\t<\/div>\n\t\t\t\t<div class=\"elementor-element elementor-element-b7cb989 elementor-widget elementor-widget-text-editor\" data-id=\"b7cb989\" data-element_type=\"widget\" data-e-type=\"widget\" data-widget_type=\"text-editor.default\">\n\t\t\t\t<div class=\"elementor-widget-container\">\n\t\t\t\t\t\t\t\t\t<p>Nuestro planeta se encuentra en una coyuntura cr\u00edtica, enfrentado a una mir\u00edada de retos medioambientales que exigen atenci\u00f3n inmediata y esfuerzos concertados por parte de individuos, comunidades y gobiernos de todo el mundo. Mientras navegamos por las complejidades del siglo XXI, es crucial prestar atenci\u00f3n a los acuciantes problemas medioambientales que definen nuestro tiempo.<\/p><p>\u00a0<\/p><h6>El cambio clim\u00e1tico: Una emergencia mundial<\/h6><p>En el primer plano de las preocupaciones medioambientales se encuentra el cambio clim\u00e1tico, una amenaza existencial con consecuencias de largo alcance. El aumento de las temperaturas globales, los fen\u00f3menos meteorol\u00f3gicos extremos y las alteraciones de los ecosistemas ponen de manifiesto la urgente necesidad de adoptar medidas en\u00e9rgicas para reducir las emisiones de carbono, realizar la transici\u00f3n a fuentes de energ\u00eda renovables y fomentar la resiliencia clim\u00e1tica.<\/p><p>\u00a0<\/p><h6>P\u00e9rdida de biodiversidad: la crisis silenciosa<\/h6><p>La p\u00e9rdida de biodiversidad se est\u00e1 produciendo silenciosamente, con efectos devastadores en ecosistemas y especies de todo el planeta. La deforestaci\u00f3n, la destrucci\u00f3n de h\u00e1bitats y la contaminaci\u00f3n contribuyen al declive de las poblaciones de plantas y animales. Salvaguardar la biodiversidad no es s\u00f3lo un imperativo ecol\u00f3gico, sino tambi\u00e9n esencial para la supervivencia humana, ya que la biodiversidad sustenta servicios ecosist\u00e9micos cruciales.<\/p><p>\u00a0<\/p><h6>Contaminaci\u00f3n por pl\u00e1sticos: Un mar de preocupaciones<\/h6><p>Nuestros oc\u00e9anos, anta\u00f1o rebosantes de vida, se ahogan ahora en la contaminaci\u00f3n por pl\u00e1sticos. Los pl\u00e1sticos de un solo uso, desechados de forma irresponsable, suponen una grave amenaza para la vida marina, los ecosistemas y la salud humana. Hacer frente a la contaminaci\u00f3n por pl\u00e1sticos exige esfuerzos concertados para reducir su consumo, mejorar la gesti\u00f3n de residuos e innovar alternativas sostenibles.<\/p><p>\u00a0<\/p><h6>Escasez de agua: Un recurso precioso en peligro<\/h6><p>La escasez de agua se est\u00e1 convirtiendo en un reto cr\u00edtico, exacerbado por el cambio clim\u00e1tico, la contaminaci\u00f3n y la extracci\u00f3n excesiva. El acceso a agua limpia y segura es un derecho humano fundamental, pero miles de millones de personas sufren estr\u00e9s h\u00eddrico. Las pr\u00e1cticas de gesti\u00f3n sostenible del agua, los esfuerzos de conservaci\u00f3n y el compromiso de las comunidades son vitales para mitigar esta crisis.<\/p><p>\u00a0<\/p><h6>Contaminaci\u00f3n atmosf\u00e9rica: Respirar en peligro<\/h6><p>La contaminaci\u00f3n atmosf\u00e9rica, alimentada por las actividades industriales, el transporte y la quema de combustibles f\u00f3siles, plantea graves riesgos para la salud de las comunidades de todo el mundo. Las enfermedades respiratorias, los problemas cardiovasculares y el deterioro de la calidad del aire afectan a millones de personas. La transici\u00f3n a tecnolog\u00edas m\u00e1s limpias, la defensa de normas estrictas de calidad del aire y el fomento del transporte sostenible son componentes clave de la lucha contra la contaminaci\u00f3n atmosf\u00e9rica.<\/p><p>\u00a0<\/p><h6>Degradaci\u00f3n del suelo: Una amenaza para la seguridad alimentaria<\/h6><p>La degradaci\u00f3n de la tierra, impulsada por pr\u00e1cticas agr\u00edcolas insostenibles, la deforestaci\u00f3n y la urbanizaci\u00f3n, pone en peligro la seguridad alimentaria y agrava la vulnerabilidad de las comunidades. La aplicaci\u00f3n de pr\u00e1cticas sostenibles de gesti\u00f3n de la tierra, los esfuerzos de reforestaci\u00f3n y la promoci\u00f3n de la agricultura regenerativa son esenciales para restaurar las tierras degradadas.<\/p><p>\u00a0<\/p><h6>Una llamada a la acci\u00f3n: Responsabilidad individual y colectiva<\/h6><p>Los problemas medioambientales a los que nos enfrentamos hoy requieren una respuesta colectiva. Los individuos pueden marcar la diferencia eligiendo estilos de vida sostenibles, consumiendo de forma responsable y abogando por la causa. Los gobiernos y las empresas desempe\u00f1an un papel fundamental a la hora de aplicar y hacer cumplir pol\u00edticas que den prioridad a la conservaci\u00f3n del medio ambiente y al desarrollo sostenible.<\/p><p>En conclusi\u00f3n, no se puede exagerar la urgencia de abordar los problemas medioambientales hoy en d\u00eda. Es una llamada a la acci\u00f3n para que cada individuo sea un guardi\u00e1n del planeta, para que las comunidades colaboren en los esfuerzos de sostenibilidad y para que los gobiernos promulguen pol\u00edticas que den prioridad a la salud de nuestro medio ambiente. Juntos podemos forjar el camino hacia un futuro m\u00e1s sostenible y resistente para las generaciones venideras.<\/p><p>\u00danete al movimiento. Act\u00faa. Ha llegado el momento de proteger nuestro planeta.<\/p>\t\t\t\t\t\t\t\t<\/div>\n\t\t\t\t<\/div>\n\t\t\t\t<div class=\"elementor-element elementor-element-6b0ea860 elementor-widget elementor-widget-helpo_blockquote\" data-id=\"6b0ea860\" data-element_type=\"widget\" data-e-type=\"widget\" data-widget_type=\"helpo_blockquote.default\">\n\t\t\t\t<div class=\"elementor-widget-container\">\n\t\t\t\t\t\n        <div class=\"helpo_blockquote_widget\">\n            <div class=\"helpo_blockquote helpo_view_type_2\">\n                ~ Los problemas medioambientales a los que nos enfrentamos hoy requieren una respuesta colectiva. ~            <\/div>\n        <\/div>\n        \t\t\t\t<\/div>\n\t\t\t\t<\/div>\n\t\t\t\t<div class=\"elementor-element elementor-element-36a28783 elementor-widget elementor-widget-text-editor\" data-id=\"36a28783\" data-element_type=\"widget\" data-e-type=\"widget\" data-widget_type=\"text-editor.default\">\n\t\t\t\t<div class=\"elementor-widget-container\">\n\t\t\t\t\t\t\t\t\t<p>Gracias por tomarse el tiempo de leer este post.<\/p>\t\t\t\t\t\t\t\t<\/div>\n\t\t\t\t<\/div>\n\t\t\t\t\t<\/div>\n\t\t<\/div>\n\t\t\t\t\t<\/div>\n\t\t<\/section>\n\t\t\t\t<\/div>","protected":false},"excerpt":{"rendered":"<p>Los problemas medioambientales a los que nos enfrentamos hoy exigen una respuesta colectiva.<\/p>","protected":false},"author":38320787,"featured_media":5594,"comment_status":"open","ping_status":"open","sticky":false,"template":"","format":"standard","meta":{"_jetpack_newsletter_access":"","_jetpack_dont_email_post_to_subs":false,"_jetpack_newsletter_tier_id":0,"_jetpack_memberships_contains_paywalled_content":false,"_jetpack_memberships_contains_paid_content":false,"footnotes":"","jetpack_publicize_message":"","jetpack_publicize_feature_enabled":true,"jetpack_social_post_already_shared":true,"jetpack_social_options":{"image_generator_settings":{"template":"highway","default_image_id":0,"font":"","enabled":false},"version":2},"_wpas_customize_per_network":false,"jetpack_post_was_ever_published":false},"categories":[1431],"tags":[1381,1433,1382,1439,1385,1432,1386,1442],"class_list":["post-5450","post","type-post","status-publish","format-standard","has-post-thumbnail","hentry","category-environment","tag-donate","tag-environment","tag-freedom","tag-health","tag-homelesspeople","tag-nature","tag-poor","tag-world"],"jetpack_publicize_connections":[],"jetpack_featured_media_url":"https:\/\/tva-foundation.org\/wp-content\/uploads\/2024\/01\/58381374_10157004008666006_583305023207768064_n.jpg","jetpack_likes_enabled":true,"jetpack_sharing_enabled":true,"jetpack_shortlink":"https:\/\/wp.me\/pf58jH-1pU","jetpack-related-posts":[],"_links":{"self":[{"href":"https:\/\/tva-foundation.org\/es\/wp-json\/wp\/v2\/posts\/5450","targetHints":{"allow":["GET"]}}],"collection":[{"href":"https:\/\/tva-foundation.org\/es\/wp-json\/wp\/v2\/posts"}],"about":[{"href":"https:\/\/tva-foundation.org\/es\/wp-json\/wp\/v2\/types\/post"}],"author":[{"embeddable":true,"href":"https:\/\/tva-foundation.org\/es\/wp-json\/wp\/v2\/users\/38320787"}],"replies":[{"embeddable":true,"href":"https:\/\/tva-foundation.org\/es\/wp-json\/wp\/v2\/comments?post=5450"}],"version-history":[{"count":28,"href":"https:\/\/tva-foundation.org\/es\/wp-json\/wp\/v2\/posts\/5450\/revisions"}],"predecessor-version":[{"id":7682,"href":"https:\/\/tva-foundation.org\/es\/wp-json\/wp\/v2\/posts\/5450\/revisions\/7682"}],"wp:featuredmedia":[{"embeddable":true,"href":"https:\/\/tva-foundation.org\/es\/wp-json\/wp\/v2\/media\/5594"}],"wp:attachment":[{"href":"https:\/\/tva-foundation.org\/es\/wp-json\/wp\/v2\/media?parent=5450"}],"wp:term":[{"taxonomy":"category","embeddable":true,"href":"https:\/\/tva-foundation.org\/es\/wp-json\/wp\/v2\/categories?post=5450"},{"taxonomy":"post_tag","embeddable":true,"href":"https:\/\/tva-foundation.org\/es\/wp-json\/wp\/v2\/tags?post=5450"}],"curies":[{"name":"wp","href":"https:\/\/api.w.org\/{rel}","templated":true}]}}