{"id":16321,"date":"2025-03-04T12:27:58","date_gmt":"2025-03-04T11:27:58","guid":{"rendered":"https:\/\/tva-foundation.org\/?p=16321"},"modified":"2025-05-29T11:37:14","modified_gmt":"2025-05-29T09:37:14","slug":"heart-of-human-philosophy-what-truly-matters-for-us-all","status":"publish","type":"post","link":"https:\/\/tva-foundation.org\/fr\/blog\/heart-of-human-philosophy-what-truly-matters-for-us-all\/","title":{"rendered":"Le c\u0153ur de la philosophie humaine : Ce qui compte vraiment pour nous tous"},"content":{"rendered":"<div data-elementor-type=\"wp-post\" data-elementor-id=\"16321\" class=\"elementor elementor-16321\" data-elementor-post-type=\"post\">\n\t\t\t\t<div class=\"elementor-element elementor-element-1b3711d e-flex e-con-boxed e-con e-parent\" data-id=\"1b3711d\" data-element_type=\"container\" data-e-type=\"container\">\n\t\t\t\t\t<div class=\"e-con-inner\">\n\t\t\t\t<div class=\"elementor-element elementor-element-abc6a4f elementor-widget elementor-widget-heading\" data-id=\"abc6a4f\" data-element_type=\"widget\" data-e-type=\"widget\" data-widget_type=\"heading.default\">\n\t\t\t\t<div class=\"elementor-widget-container\">\n\t\t\t\t\t<h5 class=\"elementor-heading-title elementor-size-default\">Une question sur la \"v\u00e9ritable humanit\u00e9 de l'homme\".<\/h5>\t\t\t\t<\/div>\n\t\t\t\t<\/div>\n\t\t\t\t\t<\/div>\n\t\t\t\t<\/div>\n\t\t<div class=\"elementor-element elementor-element-4139008 e-flex e-con-boxed e-con e-parent\" data-id=\"4139008\" data-element_type=\"container\" data-e-type=\"container\">\n\t\t\t\t\t<div class=\"e-con-inner\">\n\t\t\t\t<div class=\"elementor-element elementor-element-7799db2 elementor-widget elementor-widget-text-editor\" data-id=\"7799db2\" data-element_type=\"widget\" data-e-type=\"widget\" data-widget_type=\"text-editor.default\">\n\t\t\t\t<div class=\"elementor-widget-container\">\n\t\t\t\t\t\t\t\t\t<p>\u00a0<\/p><p>Nous, les humains, sommes d\u00e9sordonn\u00e9s, curieux et infiniment cr\u00e9atifs. Mais au-del\u00e0 de nos diff\u00e9rences, il y a un battement de c\u0153ur commun - un ensemble d'id\u00e9es qui pourraient nous guider vers une meilleure fa\u00e7on de vivre. Voici un point de vue terre-\u00e0-terre sur ce que pourrait \u00eatre une \"v\u00e9ritable philosophie de l'humanit\u00e9\" aujourd'hui : \u00a0<\/p><h6>1. \u00catre gentil, jouer franc-jeu<\/h6><p>Au fond, une bonne vie commence par le fait de traiter les autres comme nous voudrions \u00eatre trait\u00e9s. La compassion n'est pas seulement une belle id\u00e9e, c'est le ciment qui unit les communaut\u00e9s. La justice consiste \u00e0 d\u00e9fendre les personnes qui sont mises \u00e0 l'\u00e9cart, que ce soit dans notre quartier ou dans le monde entier. Et la libert\u00e9 ? Elle ne fonctionne que lorsque nous concilions \"mes droits\" et \"nos responsabilit\u00e9s\" les uns envers les autres. \u00a0<\/p><h6>2. Rester curieux, rester humble<\/h6><p>La science et la raison nous aident \u00e0 comprendre le monde, mais elles n'ont pas toutes les r\u00e9ponses. La sagesse vient aussi de l'art, des histoires et des v\u00e9rit\u00e9s tranquilles que nous trouvons dans la nature ou dans les pratiques spirituelles. Continuons \u00e0 poser des questions, mais restons ouverts \u00e0 l'apprentissage aupr\u00e8s de tous, scientifiques, po\u00e8tes, anciens et enfants. \u00a0<\/p><h6>3. La vie, c'est plus que des choses<\/h6><p>Nous sommes tous en qu\u00eate de sens. Pour certains, c'est \u00e9lever une famille ; pour d'autres, c'est cr\u00e9er, explorer ou se battre pour une cause. Une v\u00e9ritable philosophie nous rappelle qu'il faut rechercher un but, et pas seulement un salaire. Et quand la vie nous met \u00e0 terre ? Nous devenons plus forts en nous adaptant, et non en nous accrochant \u00e0 nos anciennes habitudes. \u00a0<\/p><h6>4. Nous sommes tous dans le m\u00eame bateau<\/h6><p>Personne ne prosp\u00e8re seul. Le changement climatique, les in\u00e9galit\u00e9s et les pand\u00e9mies prouvent que les fronti\u00e8res et les pr\u00e9jug\u00e9s ne nous prot\u00e8gent pas. Pour progresser r\u00e9ellement, il faut travailler *avec* la nature, partager \u00e9quitablement les ressources et \u00e9couter les voix souvent ignor\u00e9es. Les g\u00e9n\u00e9rations futures d\u00e9pendent des choix que nous faisons aujourd'hui. \u00a0<\/p><h6>5. Gardez la souplesse. Garder les pieds sur terre<\/h6><p>La v\u00e9rit\u00e9 n'est pas un troph\u00e9e \u00e0 amasser, c'est une conversation. Une philosophie vivante se plie sans se rompre. Elle respecte les traditions mais n'a pas peur d'\u00e9voluer. Il ne s'agit pas d'\u00eatre d'accord sur tout, mais d'\u00eatre d'accord pour \u00eatre *mieux* en d\u00e9saccord. \u00a0<\/p><h6>**Le r\u00e9sultat net** :<\/h6><p>La \"v\u00e9ritable philosophie de l'humanit\u00e9\" n'est pas un manuel poussi\u00e9reux ou un r\u00e8glement rigide. C'est un \u00e9tat d'esprit : *Prendre soin de soi, penser de mani\u00e8re critique, agir avec courage et laisser le monde meilleur que vous ne l'avez trouv\u00e9. C'est \u00e0 nous de le construire, ensemble. \u00a0<\/p><p>Qu'ajouteriez-vous \u00e0 cette philosophie ? R\u00e9pondez et discutez.<\/p><p>- \u00a0<br \/>*Vous aimez cet article ? Partagez-le avec quelqu'un qui a besoin d'une dose d'espoir aujourd'hui.*<\/p><p style=\"font-weight: 400;\">#HumanPhilosophy #WhatMattersMost #EsperanzaForLife #PurposeDriven #ArtAndPhilanthropy #CompassionInAction #GlobalImpact #TransformativeChange #PhilanthropyWithHeart #HopeForHumanity #ValuesThatUnite #CelebratingLife<\/p>\t\t\t\t\t\t\t\t<\/div>\n\t\t\t\t<\/div>\n\t\t\t\t\t<\/div>\n\t\t\t\t<\/div>\n\t\t<div class=\"elementor-element elementor-element-9de73af e-flex e-con-boxed e-con e-parent\" data-id=\"9de73af\" data-element_type=\"container\" data-e-type=\"container\">\n\t\t\t\t\t<div class=\"e-con-inner\">\n\t\t\t\t<div class=\"elementor-element elementor-element-563eec1 elementor-widget elementor-widget-helpo_blockquote\" data-id=\"563eec1\" data-element_type=\"widget\" data-e-type=\"widget\" data-widget_type=\"helpo_blockquote.default\">\n\t\t\t\t<div class=\"elementor-widget-container\">\n\t\t\t\t\t\n        <div class=\"helpo_blockquote_widget\">\n            <div class=\"helpo_blockquote helpo_view_type_2\">\n                \"Prenez soin de vous, pensez de mani\u00e8re critique, agissez avec courage et laissez le monde meilleur que vous ne l'avez trouv\u00e9. ~ Princesse Theodora von Auersperg            <\/div>\n        <\/div>\n        \t\t\t\t<\/div>\n\t\t\t\t<\/div>\n\t\t\t\t\t<\/div>\n\t\t\t\t<\/div>\n\t\t<div class=\"elementor-element elementor-element-1975936 e-flex e-con-boxed e-con e-parent\" data-id=\"1975936\" data-element_type=\"container\" data-e-type=\"container\">\n\t\t\t\t\t<div class=\"e-con-inner\">\n\t\t\t\t<div class=\"elementor-element elementor-element-3604c13 elementor-widget elementor-widget-text-editor\" data-id=\"3604c13\" data-element_type=\"widget\" data-e-type=\"widget\" data-widget_type=\"text-editor.default\">\n\t\t\t\t<div class=\"elementor-widget-container\">\n\t\t\t\t\t\t\t\t\t<p>\u00a0<\/p><p>Unissons-nous par l'action !<\/p><p>Merci d'avoir pris le temps de lire ce billet.<\/p>\t\t\t\t\t\t\t\t<\/div>\n\t\t\t\t<\/div>\n\t\t\t\t\t<\/div>\n\t\t\t\t<\/div>\n\t\t\t\t<\/div>","protected":false},"excerpt":{"rendered":"<p>A Question About The &#8220;True Humanity of Mankind&#8221; \u00a0 We humans are messy, curious, and endlessly creative. But beneath our differences, there\u2019s a shared heartbeat\u2014a set of ideas that could guide us toward a better way of living. Here\u2019s a down-to-earth take on what a &#8220;True Philosophy of Mankind&#8221; might look like today: \u00a0 1. [&hellip;]<\/p>\n","protected":false},"author":38320787,"featured_media":16322,"comment_status":"open","ping_status":"open","sticky":false,"template":"","format":"standard","meta":{"_jetpack_newsletter_access":"","_jetpack_dont_email_post_to_subs":false,"_jetpack_newsletter_tier_id":0,"_jetpack_memberships_contains_paywalled_content":false,"_jetpack_memberships_contains_paid_content":false,"footnotes":"","jetpack_publicize_message":"","jetpack_publicize_feature_enabled":true,"jetpack_social_post_already_shared":true,"jetpack_social_options":{"image_generator_settings":{"template":"highway","default_image_id":0,"font":"","enabled":false},"version":2},"_wpas_customize_per_network":false,"jetpack_post_was_ever_published":false},"categories":[1534,1539,1535],"tags":[1527,1421,1383,1536,1538,1440,1436,1420,1537,1442],"class_list":["post-16321","post","type-post","status-publish","format-standard","has-post-thumbnail","hentry","category-humanity","category-philosophy","category-world","tag-community","tag-compassion","tag-fundraising","tag-humanity","tag-inspiration","tag-joy","tag-life","tag-love","tag-unity","tag-world"],"jetpack_publicize_connections":[],"jetpack_featured_media_url":"https:\/\/tva-foundation.org\/wp-content\/uploads\/2025\/03\/B0566A39-BD39-4BF5-BB16-50ADE4C7F46D.jpeg","jetpack_likes_enabled":true,"jetpack_sharing_enabled":true,"jetpack_shortlink":"https:\/\/wp.me\/pf58jH-4ff","jetpack-related-posts":[],"_links":{"self":[{"href":"https:\/\/tva-foundation.org\/fr\/wp-json\/wp\/v2\/posts\/16321","targetHints":{"allow":["GET"]}}],"collection":[{"href":"https:\/\/tva-foundation.org\/fr\/wp-json\/wp\/v2\/posts"}],"about":[{"href":"https:\/\/tva-foundation.org\/fr\/wp-json\/wp\/v2\/types\/post"}],"author":[{"embeddable":true,"href":"https:\/\/tva-foundation.org\/fr\/wp-json\/wp\/v2\/users\/38320787"}],"replies":[{"embeddable":true,"href":"https:\/\/tva-foundation.org\/fr\/wp-json\/wp\/v2\/comments?post=16321"}],"version-history":[{"count":35,"href":"https:\/\/tva-foundation.org\/fr\/wp-json\/wp\/v2\/posts\/16321\/revisions"}],"predecessor-version":[{"id":19519,"href":"https:\/\/tva-foundation.org\/fr\/wp-json\/wp\/v2\/posts\/16321\/revisions\/19519"}],"wp:featuredmedia":[{"embeddable":true,"href":"https:\/\/tva-foundation.org\/fr\/wp-json\/wp\/v2\/media\/16322"}],"wp:attachment":[{"href":"https:\/\/tva-foundation.org\/fr\/wp-json\/wp\/v2\/media?parent=16321"}],"wp:term":[{"taxonomy":"category","embeddable":true,"href":"https:\/\/tva-foundation.org\/fr\/wp-json\/wp\/v2\/categories?post=16321"},{"taxonomy":"post_tag","embeddable":true,"href":"https:\/\/tva-foundation.org\/fr\/wp-json\/wp\/v2\/tags?post=16321"}],"curies":[{"name":"wp","href":"https:\/\/api.w.org\/{rel}","templated":true}]}}