{"id":23541,"date":"2026-05-03T14:35:46","date_gmt":"2026-05-03T12:35:46","guid":{"rendered":"https:\/\/tva-foundation.org\/?p=23541"},"modified":"2026-05-03T14:38:12","modified_gmt":"2026-05-03T12:38:12","slug":"the-sovereignty-of-word","status":"publish","type":"post","link":"https:\/\/tva-foundation.org\/fr\/blog\/the-sovereignty-of-word\/","title":{"rendered":"La souverainet\u00e9 de la parole"},"content":{"rendered":"<div data-elementor-type=\"wp-post\" data-elementor-id=\"23541\" class=\"elementor elementor-23541\" data-elementor-post-type=\"post\">\n\t\t\t\t<div class=\"elementor-element elementor-element-656d0b0a e-flex e-con-boxed e-con e-parent\" data-id=\"656d0b0a\" data-element_type=\"container\" data-e-type=\"container\">\n\t\t\t\t\t<div class=\"e-con-inner\">\n\t\t\t\t<div class=\"elementor-element elementor-element-1a2cb738 elementor-widget elementor-widget-text-editor\" data-id=\"1a2cb738\" data-element_type=\"widget\" data-e-type=\"widget\" data-widget_type=\"text-editor.default\">\n\t\t\t\t<div class=\"elementor-widget-container\">\n\t\t\t\t\t\t\t\t\t<h5 style=\"text-align: center;\">Pensez-vous ce que vous dites et dites-vous ce que vous pensez ?<\/h5><p>Le leadership moderne traverse une crise silencieuse.<\/p><p>Pas de comp\u00e9tence.<br \/>Pas de l'intelligence.<br \/>Mais d'int\u00e9grit\u00e9.<\/p><p>Nous vivons \u00e0 une \u00e9poque o\u00f9 les mots sont utilis\u00e9s en abondance...<br \/>dans les r\u00e9unions, sur les sc\u00e8nes, sur les plates-formes.<\/p><p>Pourtant, de plus en plus souvent, ils manquent de poids.<\/p><p>Les promesses sont faites avec facilit\u00e9.<br \/>Les engagements sont exprim\u00e9s avec confiance.<br \/>Les intentions semblent convaincantes.<\/p><p>Et pourtant, trop souvent, elles se dissolvent dans l'inaction.<\/p><p>C'est l\u00e0 que la confiance commence \u00e0 se fissurer.<\/p><p>Car la confiance ne se construit pas sur ce qui est dit.<br \/>Elle se construit sur ce qui est d\u00e9fendu.<\/p><p>Au fil du temps, j'ai rencontr\u00e9 cette lacune plus souvent que je ne l'aurais cru.<br \/>Des moments o\u00f9 les mots ont cr\u00e9\u00e9 l'attente...<br \/>mais les actions n'ont pas \u00e9t\u00e9 \u00e0 la hauteur.<\/p><p>Et \u00e0 chaque fois, la d\u00e9ception n'est pas grande.<br \/>Elle est subtile.<br \/>Mais il s'accumule.<\/p><p>Pour moi, le leadership a toujours suivi un principe diff\u00e9rent :<\/p><p>Parler avec intention.<br \/>Et d'honorer ce qui est dit.<\/p><p>Non pas parce qu'on s'y attend...<br \/>mais parce qu'il d\u00e9finit ce que nous sommes.<\/p><p>En fin de compte, le leadership n'est pas une question d'expression.<br \/>C'est une question d'alignement.<\/p><p>Entre les mots et les actes.<br \/>Entre l'intention et l'ex\u00e9cution.<br \/>Entre ce que nous disons et ce que les autres peuvent croire.<\/p><p>La question n'est donc peut-\u00eatre pas de savoir si nous communiquons bien.<\/p><p>Mais avec quelle fid\u00e9lit\u00e9 nous les suivons.<\/p><p><strong>Pensez-vous ce que vous dites ?<\/strong><\/p><p style=\"text-align: left;\">-<br \/>*Vous aimez cet article ? Partagez-le avec quelqu'un qui a besoin d'une dose d'espoir aujourd'hui.*<\/p><p style=\"text-align: left;\">#Legacy #Stewardship #Hope #EsperanzaForLife #Love #Philanthropy #SocialGood #BusinessForGood #PrincessTheodora<\/p><p style=\"text-align: left;\">Unissons-nous par l'action !<\/p><p style=\"text-align: left;\">Merci d'avoir pris le temps de lire ce billet.<\/p>\t\t\t\t\t\t\t\t<\/div>\n\t\t\t\t<\/div>\n\t\t\t\t\t<\/div>\n\t\t\t\t<\/div>\n\t\t\t\t<\/div>","protected":false},"excerpt":{"rendered":"<p>Do You Mean What You Say\u2014And Say What You Mean? There is a quiet crisis in modern leadership. Not of competence.Not of intelligence.But of integrity. We live in a time where words are used abundantly\u2014in meetings, on stages, across platforms. Yet increasingly, they lack weight. Promises are made with ease.Commitments are expressed with confidence.Intentions sound [&hellip;]<\/p>\n","protected":false},"author":38320787,"featured_media":23544,"comment_status":"open","ping_status":"open","sticky":false,"template":"","format":"standard","meta":{"_jetpack_newsletter_access":"","_jetpack_dont_email_post_to_subs":false,"_jetpack_newsletter_tier_id":0,"_jetpack_memberships_contains_paywalled_content":false,"_wpcom_ai_launchpad_first_post":false,"_jetpack_feature_clip_id":0,"_jetpack_memberships_contains_paid_content":false,"footnotes":"","jetpack_publicize_message":"{title}\n\n{excerpt}\n\n{url}","jetpack_publicize_feature_enabled":true,"jetpack_social_post_already_shared":true,"jetpack_social_options":{"image_generator_settings":{"template":"highway","default_image_id":0,"font":"","enabled":false},"version":2},"_wpas_customize_per_network":false,"jetpack_post_was_ever_published":false},"categories":[1534,1539,1535],"tags":[1560,1527,1421,1559,1383,1561,1536,1538,1440,1565,1436,1420,1537,1442],"class_list":["post-23541","post","type-post","status-publish","format-standard","has-post-thumbnail","hentry","category-humanity","category-philosophy","category-world","tag-celebration-of-life","tag-community","tag-compassion","tag-esperanza-for-life","tag-fundraising","tag-global-movement","tag-humanity","tag-inspiration","tag-joy","tag-legacy","tag-life","tag-love","tag-unity","tag-world"],"jetpack_publicize_connections":[],"jetpack_likes_enabled":true,"jetpack_sharing_enabled":true,"jetpack_shortlink":"https:\/\/wp.me\/pf58jH-67H","jetpack-related-posts":[],"jetpack_featured_media_url":"https:\/\/tva-foundation.org\/wp-content\/uploads\/2026\/05\/3ED16E13-E404-4B02-AB41-16AEEB55714E.jpg","_links":{"self":[{"href":"https:\/\/tva-foundation.org\/fr\/wp-json\/wp\/v2\/posts\/23541","targetHints":{"allow":["GET"]}}],"collection":[{"href":"https:\/\/tva-foundation.org\/fr\/wp-json\/wp\/v2\/posts"}],"about":[{"href":"https:\/\/tva-foundation.org\/fr\/wp-json\/wp\/v2\/types\/post"}],"author":[{"embeddable":true,"href":"https:\/\/tva-foundation.org\/fr\/wp-json\/wp\/v2\/users\/38320787"}],"replies":[{"embeddable":true,"href":"https:\/\/tva-foundation.org\/fr\/wp-json\/wp\/v2\/comments?post=23541"}],"version-history":[{"count":4,"href":"https:\/\/tva-foundation.org\/fr\/wp-json\/wp\/v2\/posts\/23541\/revisions"}],"predecessor-version":[{"id":23548,"href":"https:\/\/tva-foundation.org\/fr\/wp-json\/wp\/v2\/posts\/23541\/revisions\/23548"}],"wp:featuredmedia":[{"embeddable":true,"href":"https:\/\/tva-foundation.org\/fr\/wp-json\/wp\/v2\/media\/23544"}],"wp:attachment":[{"href":"https:\/\/tva-foundation.org\/fr\/wp-json\/wp\/v2\/media?parent=23541"}],"wp:term":[{"taxonomy":"category","embeddable":true,"href":"https:\/\/tva-foundation.org\/fr\/wp-json\/wp\/v2\/categories?post=23541"},{"taxonomy":"post_tag","embeddable":true,"href":"https:\/\/tva-foundation.org\/fr\/wp-json\/wp\/v2\/tags?post=23541"}],"curies":[{"name":"wp","href":"https:\/\/api.w.org\/{rel}","templated":true}]}}