{"id":5450,"date":"2023-12-11T13:29:57","date_gmt":"2023-12-11T12:29:57","guid":{"rendered":"https:\/\/tva-foundation.org\/?p=5450"},"modified":"2024-02-13T12:45:53","modified_gmt":"2024-02-13T11:45:53","slug":"environmental-issues-today","status":"publish","type":"post","link":"https:\/\/tva-foundation.org\/fr\/blog\/environmental-issues-today\/","title":{"rendered":"Les questions environnementales aujourd'hui : Responsabilit\u00e9 individuelle et collective"},"content":{"rendered":"<div data-elementor-type=\"wp-post\" data-elementor-id=\"5450\" class=\"elementor elementor-5450\" data-elementor-post-type=\"post\">\n\t\t\t\t\t\t<section class=\"elementor-section elementor-top-section elementor-element elementor-element-7f484272 elementor-section-boxed elementor-section-height-default elementor-section-height-default\" data-id=\"7f484272\" data-element_type=\"section\" data-e-type=\"section\">\n\t\t\t\t\t\t<div class=\"elementor-container elementor-column-gap-default\">\n\t\t\t\t\t<div class=\"elementor-column elementor-col-100 elementor-top-column elementor-element elementor-element-440faec2\" data-id=\"440faec2\" data-element_type=\"column\" data-e-type=\"column\">\n\t\t\t<div class=\"elementor-widget-wrap elementor-element-populated\">\n\t\t\t\t\t\t<div class=\"elementor-element elementor-element-317d87eb elementor-widget elementor-widget-heading\" data-id=\"317d87eb\" data-element_type=\"widget\" data-e-type=\"widget\" data-widget_type=\"heading.default\">\n\t\t\t\t<div class=\"elementor-widget-container\">\n\t\t\t\t\t<h5 class=\"elementor-heading-title elementor-size-default\">Les questions environnementales aujourd'hui : Responsabilit\u00e9 individuelle et collective <\/h5>\t\t\t\t<\/div>\n\t\t\t\t<\/div>\n\t\t\t\t<div class=\"elementor-element elementor-element-b7cb989 elementor-widget elementor-widget-text-editor\" data-id=\"b7cb989\" data-element_type=\"widget\" data-e-type=\"widget\" data-widget_type=\"text-editor.default\">\n\t\t\t\t<div class=\"elementor-widget-container\">\n\t\t\t\t\t\t\t\t\t<p>Notre plan\u00e8te se trouve \u00e0 un tournant d\u00e9cisif, confront\u00e9e \u00e0 une myriade de d\u00e9fis environnementaux qui exigent une attention imm\u00e9diate et des efforts concert\u00e9s de la part des individus, des communaut\u00e9s et des gouvernements du monde entier. Alors que nous naviguons dans les complexit\u00e9s du 21e si\u00e8cle, il est crucial de mettre en lumi\u00e8re les questions environnementales urgentes qui d\u00e9finissent notre \u00e9poque.<\/p><p>\u00a0<\/p><h6>Le changement climatique : Une urgence mondiale<\/h6><p>Au premier rang des pr\u00e9occupations environnementales figure le changement climatique, une menace existentielle aux cons\u00e9quences consid\u00e9rables. La hausse des temp\u00e9ratures mondiales, les ph\u00e9nom\u00e8nes m\u00e9t\u00e9orologiques extr\u00eames et les perturbations des \u00e9cosyst\u00e8mes soulignent la n\u00e9cessit\u00e9 urgente de prendre des mesures \u00e9nergiques pour r\u00e9duire les \u00e9missions de carbone, passer \u00e0 des sources d'\u00e9nergie renouvelables et favoriser la r\u00e9silience climatique.<\/p><p>\u00a0<\/p><h6>La perte de biodiversit\u00e9 : la crise silencieuse<\/h6><p>La perte de biodiversit\u00e9 se d\u00e9roule silencieusement et a des effets d\u00e9vastateurs sur les \u00e9cosyst\u00e8mes et les esp\u00e8ces dans le monde entier. La d\u00e9forestation, la destruction des habitats et la pollution contribuent au d\u00e9clin des populations v\u00e9g\u00e9tales et animales. La sauvegarde de la biodiversit\u00e9 n'est pas seulement un imp\u00e9ratif \u00e9cologique, elle est aussi essentielle \u00e0 la survie de l'humanit\u00e9, car la biodiversit\u00e9 est \u00e0 l'origine de services \u00e9cosyst\u00e9miques cruciaux.<\/p><p>\u00a0<\/p><h6>Pollution plastique : Une mer d'inqui\u00e9tudes<\/h6><p>Nos oc\u00e9ans, qui grouillaient autrefois de vie, sont aujourd'hui noy\u00e9s dans la pollution plastique. Les plastiques \u00e0 usage unique, jet\u00e9s de mani\u00e8re irresponsable, constituent une grave menace pour la vie marine, les \u00e9cosyst\u00e8mes et la sant\u00e9 humaine. La lutte contre la pollution plastique n\u00e9cessite des efforts concert\u00e9s pour r\u00e9duire la consommation de plastique, am\u00e9liorer la gestion des d\u00e9chets et innover en mati\u00e8re d'alternatives durables.<\/p><p>\u00a0<\/p><h6>La p\u00e9nurie d'eau : Une ressource pr\u00e9cieuse en danger<\/h6><p>La p\u00e9nurie d'eau devient un d\u00e9fi majeur, exacerb\u00e9 par le changement climatique, la pollution et la surexploitation. L'acc\u00e8s \u00e0 une eau propre et s\u00fbre est un droit humain fondamental, mais des milliards de personnes sont confront\u00e9es au stress hydrique. Les pratiques de gestion durable de l'eau, les efforts de conservation et l'engagement des communaut\u00e9s sont essentiels pour att\u00e9nuer cette crise.<\/p><p>\u00a0<\/p><h6>Pollution de l'air : Respirer en danger<\/h6><p>La pollution de l'air, aliment\u00e9e par les activit\u00e9s industrielles, les transports et la combustion de combustibles fossiles, pr\u00e9sente de graves risques pour la sant\u00e9 des communaut\u00e9s du monde entier. Les maladies respiratoires, les probl\u00e8mes cardiovasculaires et la d\u00e9gradation de la qualit\u00e9 de l'air affectent des millions de personnes. La transition vers des technologies plus propres, la d\u00e9fense de normes strictes en mati\u00e8re de qualit\u00e9 de l'air et la promotion des transports durables sont des \u00e9l\u00e9ments cl\u00e9s de la lutte contre la pollution de l'air.<\/p><p>\u00a0<\/p><h6>La d\u00e9gradation des sols : Une menace pour la s\u00e9curit\u00e9 alimentaire<\/h6><p>La d\u00e9gradation des terres, due \u00e0 des pratiques agricoles non durables, \u00e0 la d\u00e9forestation et \u00e0 l'urbanisation, met en p\u00e9ril la s\u00e9curit\u00e9 alimentaire et exacerbe la vuln\u00e9rabilit\u00e9 des communaut\u00e9s. La mise en \u0153uvre de pratiques de gestion durable des terres, les efforts de reboisement et la promotion d'une agriculture r\u00e9g\u00e9n\u00e9ratrice sont essentiels pour restaurer les terres d\u00e9grad\u00e9es.<\/p><p>\u00a0<\/p><h6>Un appel \u00e0 l'action : Responsabilit\u00e9 individuelle et collective<\/h6><p>Les probl\u00e8mes environnementaux auxquels nous sommes confront\u00e9s aujourd'hui exigent une r\u00e9ponse collective. Les individus peuvent faire la diff\u00e9rence en choisissant un mode de vie durable, en consommant de mani\u00e8re responsable et en d\u00e9fendant leur cause. Les gouvernements et les entreprises jouent un r\u00f4le essentiel dans la mise en \u0153uvre et l'application de politiques qui donnent la priorit\u00e9 \u00e0 la conservation de l'environnement et au d\u00e9veloppement durable.<\/p><p>En conclusion, on ne saurait trop insister sur l'urgence de traiter les questions environnementales aujourd'hui. C'est un appel \u00e0 l'action pour que chaque individu soit un gardien de la plan\u00e8te, pour que les communaut\u00e9s collaborent aux efforts de durabilit\u00e9 et pour que les gouvernements adoptent des politiques qui donnent la priorit\u00e9 \u00e0 la sant\u00e9 de notre environnement. Ensemble, nous pouvons ouvrir la voie \u00e0 un avenir plus durable et plus r\u00e9silient pour les g\u00e9n\u00e9rations \u00e0 venir.<\/p><p>Rejoignez le mouvement. Agissez. Il est temps de prot\u00e9ger notre plan\u00e8te.<\/p>\t\t\t\t\t\t\t\t<\/div>\n\t\t\t\t<\/div>\n\t\t\t\t<div class=\"elementor-element elementor-element-6b0ea860 elementor-widget elementor-widget-helpo_blockquote\" data-id=\"6b0ea860\" data-element_type=\"widget\" data-e-type=\"widget\" data-widget_type=\"helpo_blockquote.default\">\n\t\t\t\t<div class=\"elementor-widget-container\">\n\t\t\t\t\t\n        <div class=\"helpo_blockquote_widget\">\n            <div class=\"helpo_blockquote helpo_view_type_2\">\n                ~ Les probl\u00e8mes environnementaux auxquels nous sommes confront\u00e9s aujourd'hui exigent une r\u00e9ponse collective. ~            <\/div>\n        <\/div>\n        \t\t\t\t<\/div>\n\t\t\t\t<\/div>\n\t\t\t\t<div class=\"elementor-element elementor-element-36a28783 elementor-widget elementor-widget-text-editor\" data-id=\"36a28783\" data-element_type=\"widget\" data-e-type=\"widget\" data-widget_type=\"text-editor.default\">\n\t\t\t\t<div class=\"elementor-widget-container\">\n\t\t\t\t\t\t\t\t\t<p>Merci d'avoir pris le temps de lire ce billet.<\/p>\t\t\t\t\t\t\t\t<\/div>\n\t\t\t\t<\/div>\n\t\t\t\t\t<\/div>\n\t\t<\/div>\n\t\t\t\t\t<\/div>\n\t\t<\/section>\n\t\t\t\t<\/div>","protected":false},"excerpt":{"rendered":"<p>Les probl\u00e8mes environnementaux auxquels nous sommes confront\u00e9s aujourd'hui exigent une r\u00e9ponse collective.<\/p>","protected":false},"author":38320787,"featured_media":5594,"comment_status":"open","ping_status":"open","sticky":false,"template":"","format":"standard","meta":{"_jetpack_newsletter_access":"","_jetpack_dont_email_post_to_subs":false,"_jetpack_newsletter_tier_id":0,"_jetpack_memberships_contains_paywalled_content":false,"_jetpack_memberships_contains_paid_content":false,"footnotes":"","jetpack_publicize_message":"","jetpack_publicize_feature_enabled":true,"jetpack_social_post_already_shared":true,"jetpack_social_options":{"image_generator_settings":{"template":"highway","default_image_id":0,"font":"","enabled":false},"version":2},"_wpas_customize_per_network":false,"jetpack_post_was_ever_published":false},"categories":[1431],"tags":[1381,1433,1382,1439,1385,1432,1386,1442],"class_list":["post-5450","post","type-post","status-publish","format-standard","has-post-thumbnail","hentry","category-environment","tag-donate","tag-environment","tag-freedom","tag-health","tag-homelesspeople","tag-nature","tag-poor","tag-world"],"jetpack_publicize_connections":[],"jetpack_featured_media_url":"https:\/\/tva-foundation.org\/wp-content\/uploads\/2024\/01\/58381374_10157004008666006_583305023207768064_n.jpg","jetpack_likes_enabled":true,"jetpack_sharing_enabled":true,"jetpack_shortlink":"https:\/\/wp.me\/pf58jH-1pU","jetpack-related-posts":[],"_links":{"self":[{"href":"https:\/\/tva-foundation.org\/fr\/wp-json\/wp\/v2\/posts\/5450","targetHints":{"allow":["GET"]}}],"collection":[{"href":"https:\/\/tva-foundation.org\/fr\/wp-json\/wp\/v2\/posts"}],"about":[{"href":"https:\/\/tva-foundation.org\/fr\/wp-json\/wp\/v2\/types\/post"}],"author":[{"embeddable":true,"href":"https:\/\/tva-foundation.org\/fr\/wp-json\/wp\/v2\/users\/38320787"}],"replies":[{"embeddable":true,"href":"https:\/\/tva-foundation.org\/fr\/wp-json\/wp\/v2\/comments?post=5450"}],"version-history":[{"count":28,"href":"https:\/\/tva-foundation.org\/fr\/wp-json\/wp\/v2\/posts\/5450\/revisions"}],"predecessor-version":[{"id":7682,"href":"https:\/\/tva-foundation.org\/fr\/wp-json\/wp\/v2\/posts\/5450\/revisions\/7682"}],"wp:featuredmedia":[{"embeddable":true,"href":"https:\/\/tva-foundation.org\/fr\/wp-json\/wp\/v2\/media\/5594"}],"wp:attachment":[{"href":"https:\/\/tva-foundation.org\/fr\/wp-json\/wp\/v2\/media?parent=5450"}],"wp:term":[{"taxonomy":"category","embeddable":true,"href":"https:\/\/tva-foundation.org\/fr\/wp-json\/wp\/v2\/categories?post=5450"},{"taxonomy":"post_tag","embeddable":true,"href":"https:\/\/tva-foundation.org\/fr\/wp-json\/wp\/v2\/tags?post=5450"}],"curies":[{"name":"wp","href":"https:\/\/api.w.org\/{rel}","templated":true}]}}